{"id":8035,"date":"2024-02-25T16:43:43","date_gmt":"2024-02-25T15:43:43","guid":{"rendered":"https:\/\/www.grenouillere-museum.com\/grenouillere\/?p=8035"},"modified":"2024-02-25T16:43:43","modified_gmt":"2024-02-25T15:43:43","slug":"abinthe-fee-verte-ou-noir-demon","status":"publish","type":"post","link":"https:\/\/www.grenouillere-museum.com\/grenouillere\/abinthe-fee-verte-ou-noir-demon\/","title":{"rendered":"Abinthe : F\u00e9e verte ou noir D\u00e9mon?"},"content":{"rendered":"<div id=\"pl-8035\"  class=\"panel-layout\" ><div id=\"pg-8035-0\"  class=\"panel-grid panel-no-style\" ><div id=\"pgc-8035-0-0\"  class=\"panel-grid-cell\" ><div id=\"panel-8035-0-0-0\" class=\"so-panel widget widget_sow-image panel-first-child\" data-index=\"0\" ><div\n\t\t\t\n\t\t\tclass=\"so-widget-sow-image so-widget-sow-image-default-8b5b6f678277-8035\"\n\t\t\t\n\t\t>\n<div class=\"sow-image-container\">\n\t\t<img \n\tsrc=\"https:\/\/www.grenouillere-museum.com\/grenouillere\/wp-content\/uploads\/2023\/11\/Numerisation-affiche.png\" width=\"1596\" height=\"2282\" srcset=\"https:\/\/www.grenouillere-museum.com\/grenouillere\/wp-content\/uploads\/2023\/11\/Numerisation-affiche.png 1596w, https:\/\/www.grenouillere-museum.com\/grenouillere\/wp-content\/uploads\/2023\/11\/Numerisation-affiche-210x300.png 210w, https:\/\/www.grenouillere-museum.com\/grenouillere\/wp-content\/uploads\/2023\/11\/Numerisation-affiche-716x1024.png 716w, https:\/\/www.grenouillere-museum.com\/grenouillere\/wp-content\/uploads\/2023\/11\/Numerisation-affiche-105x150.png 105w, https:\/\/www.grenouillere-museum.com\/grenouillere\/wp-content\/uploads\/2023\/11\/Numerisation-affiche-768x1098.png 768w, https:\/\/www.grenouillere-museum.com\/grenouillere\/wp-content\/uploads\/2023\/11\/Numerisation-affiche-1074x1536.png 1074w, https:\/\/www.grenouillere-museum.com\/grenouillere\/wp-content\/uploads\/2023\/11\/Numerisation-affiche-1432x2048.png 1432w\" sizes=\"(max-width: 1596px) 100vw, 1596px\" title=\"Affiche exposition Absinthe\" alt=\"grenouillere_mus\u00e9e_croissy_sur_seine_L&#039;absinthe\" \t\tclass=\"so-widget-image\"\/>\n\t<\/div>\n\n<\/div><\/div><div id=\"panel-8035-0-0-1\" class=\"so-panel widget widget_sow-editor panel-last-child\" data-index=\"1\" ><div\n\t\t\t\n\t\t\tclass=\"so-widget-sow-editor so-widget-sow-editor-base\"\n\t\t\t\n\t\t>\n<div class=\"siteorigin-widget-tinymce textwidget\">\n\t<h5>L'exposition retrace l'histoire de cette boisson sulfureuse qu'est l'absinthe, de l'engouement qu'elle a suscit\u00e9 jusqu'\u00e0 son interdiction, et pr\u00e9cise sa composition ainsi que les \u00e9tapes de sa fabrication. Cette pr\u00e9sentation est illustr\u00e9e par diff\u00e9rents objets publicitaires et de nombreuses affiches d'\u00e9poque.<\/h5>\n<h5>Le parcours se poursuit par une pr\u00e9sentation de copies d'oeuvres d'artistes, d'Edouard Manet \u00e0 Pablo Picasso, repr\u00e9sentant les effets d\u00e9l\u00e9t\u00e8res que produit ce breuvage sur ses consommateurs et la solitude qu'il peut engendrer. Po\u00e8mes ou \u00e9crits d'\u00e9crivains c\u00e9l\u00e8bres, amateurs d'absinthe, viennent corroborer ce propos.<\/h5>\n<div><\/div>\n<\/div>\n<\/div><\/div><\/div><\/div><\/div>","protected":false},"excerpt":{"rendered":"<p>L&rsquo;exposition retrace l&rsquo;histoire de cette boisson sulfureuse qu&rsquo;est l&rsquo;absinthe, de l&rsquo;engouement qu&rsquo;elle a suscit\u00e9 jusqu&rsquo;\u00e0 son interdiction, et pr\u00e9cise sa composition ainsi que les \u00e9tapes de sa fabrication. Cette pr\u00e9sentation est illustr\u00e9e par diff\u00e9rents objets publicitaires et de nombreuses affiches d&rsquo;\u00e9poque. Le parcours se poursuit par une pr\u00e9sentation de copies d&rsquo;oeuvres d&rsquo;artistes, d&rsquo;Edouard Manet \u00e0 [&hellip;]<\/p>\n","protected":false},"author":6,"featured_media":0,"comment_status":"closed","ping_status":"open","sticky":false,"template":"","format":"standard","meta":{"_genesis_hide_title":false,"_genesis_hide_breadcrumbs":false,"_genesis_hide_singular_image":false,"_genesis_hide_footer_widgets":false,"_genesis_custom_body_class":"","_genesis_custom_post_class":"","_genesis_layout":"","footnotes":""},"categories":[142,138],"tags":[],"yoast_head":"<!-- This site is optimized with the Yoast SEO plugin v23.5 - https:\/\/yoast.com\/wordpress\/plugins\/seo\/ -->\n<title>Abinthe : F\u00e9e verte ou noir D\u00e9mon? - Mus\u00e9e de la Grenouill\u00e8re Croissy sur Seine<\/title>\n<meta name=\"robots\" content=\"index, follow, max-snippet:-1, max-image-preview:large, max-video-preview:-1\" \/>\n<link rel=\"canonical\" href=\"https:\/\/www.grenouillere-museum.com\/grenouillere\/abinthe-fee-verte-ou-noir-demon\/\" \/>\n<meta property=\"og:locale\" content=\"fr_FR\" \/>\n<meta property=\"og:type\" content=\"article\" \/>\n<meta property=\"og:title\" content=\"Abinthe : F\u00e9e verte ou noir D\u00e9mon? - Mus\u00e9e de la Grenouill\u00e8re Croissy sur Seine\" \/>\n<meta property=\"og:description\" content=\"L&#039;exposition retrace l&#039;histoire de cette boisson sulfureuse qu&#039;est l&#039;absinthe, de l&#039;engouement qu&#039;elle a suscit\u00e9 jusqu&#039;\u00e0 son interdiction, et pr\u00e9cise sa composition ainsi que les \u00e9tapes de sa fabrication. Cette pr\u00e9sentation est illustr\u00e9e par diff\u00e9rents objets publicitaires et de nombreuses affiches d&#039;\u00e9poque. Le parcours se poursuit par une pr\u00e9sentation de copies d&#039;oeuvres d&#039;artistes, d&#039;Edouard Manet \u00e0 [&hellip;]\" \/>\n<meta property=\"og:url\" content=\"https:\/\/www.grenouillere-museum.com\/grenouillere\/abinthe-fee-verte-ou-noir-demon\/\" \/>\n<meta property=\"og:site_name\" content=\"Mus\u00e9e de la Grenouill\u00e8re Croissy sur Seine\" \/>\n<meta property=\"article:publisher\" content=\"https:\/\/www.facebook.com\/grenouillere.museum\/\" \/>\n<meta property=\"article:published_time\" content=\"2024-02-25T15:43:43+00:00\" \/>\n<meta name=\"author\" content=\"musee grenouillere\" \/>\n<meta name=\"twitter:card\" content=\"summary_large_image\" \/>\n<meta name=\"twitter:label1\" content=\"\u00c9crit par\" \/>\n\t<meta name=\"twitter:data1\" content=\"musee grenouillere\" \/>\n\t<meta name=\"twitter:label2\" content=\"Dur\u00e9e de lecture estim\u00e9e\" \/>\n\t<meta name=\"twitter:data2\" content=\"1 minute\" \/>\n<script type=\"application\/ld+json\" class=\"yoast-schema-graph\">{\"@context\":\"https:\/\/schema.org\",\"@graph\":[{\"@type\":\"WebPage\",\"@id\":\"https:\/\/www.grenouillere-museum.com\/grenouillere\/abinthe-fee-verte-ou-noir-demon\/\",\"url\":\"https:\/\/www.grenouillere-museum.com\/grenouillere\/abinthe-fee-verte-ou-noir-demon\/\",\"name\":\"Abinthe : F\u00e9e verte ou noir D\u00e9mon? - Mus\u00e9e de la Grenouill\u00e8re Croissy sur Seine\",\"isPartOf\":{\"@id\":\"https:\/\/www.grenouillere-museum.com\/grenouillere\/#website\"},\"datePublished\":\"2024-02-25T15:43:43+00:00\",\"dateModified\":\"2024-02-25T15:43:43+00:00\",\"author\":{\"@id\":\"https:\/\/www.grenouillere-museum.com\/grenouillere\/#\/schema\/person\/7b3507450a3ed8e5316ebd8c3218d9b3\"},\"breadcrumb\":{\"@id\":\"https:\/\/www.grenouillere-museum.com\/grenouillere\/abinthe-fee-verte-ou-noir-demon\/#breadcrumb\"},\"inLanguage\":\"fr-FR\",\"potentialAction\":[{\"@type\":\"ReadAction\",\"target\":[\"https:\/\/www.grenouillere-museum.com\/grenouillere\/abinthe-fee-verte-ou-noir-demon\/\"]}]},{\"@type\":\"BreadcrumbList\",\"@id\":\"https:\/\/www.grenouillere-museum.com\/grenouillere\/abinthe-fee-verte-ou-noir-demon\/#breadcrumb\",\"itemListElement\":[{\"@type\":\"ListItem\",\"position\":1,\"name\":\"Accueil\",\"item\":\"https:\/\/www.grenouillere-museum.com\/grenouillere\/\"},{\"@type\":\"ListItem\",\"position\":2,\"name\":\"Abinthe : F\u00e9e verte ou noir D\u00e9mon?\"}]},{\"@type\":\"WebSite\",\"@id\":\"https:\/\/www.grenouillere-museum.com\/grenouillere\/#website\",\"url\":\"https:\/\/www.grenouillere-museum.com\/grenouillere\/\",\"name\":\"Mus\u00e9e de la Grenouill\u00e8re\",\"description\":\"Laissez-vous emmener sur le lieu de naissance de l\u2019Impressionnisme\",\"potentialAction\":[{\"@type\":\"SearchAction\",\"target\":{\"@type\":\"EntryPoint\",\"urlTemplate\":\"https:\/\/www.grenouillere-museum.com\/grenouillere\/?s={search_term_string}\"},\"query-input\":{\"@type\":\"PropertyValueSpecification\",\"valueRequired\":true,\"valueName\":\"search_term_string\"}}],\"inLanguage\":\"fr-FR\"},{\"@type\":\"Person\",\"@id\":\"https:\/\/www.grenouillere-museum.com\/grenouillere\/#\/schema\/person\/7b3507450a3ed8e5316ebd8c3218d9b3\",\"name\":\"musee grenouillere\"}]}<\/script>\n<!-- \/ Yoast SEO plugin. -->","yoast_head_json":{"title":"Abinthe : F\u00e9e verte ou noir D\u00e9mon? - Mus\u00e9e de la Grenouill\u00e8re Croissy sur Seine","robots":{"index":"index","follow":"follow","max-snippet":"max-snippet:-1","max-image-preview":"max-image-preview:large","max-video-preview":"max-video-preview:-1"},"canonical":"https:\/\/www.grenouillere-museum.com\/grenouillere\/abinthe-fee-verte-ou-noir-demon\/","og_locale":"fr_FR","og_type":"article","og_title":"Abinthe : F\u00e9e verte ou noir D\u00e9mon? - Mus\u00e9e de la Grenouill\u00e8re Croissy sur Seine","og_description":"L'exposition retrace l'histoire de cette boisson sulfureuse qu'est l'absinthe, de l'engouement qu'elle a suscit\u00e9 jusqu'\u00e0 son interdiction, et pr\u00e9cise sa composition ainsi que les \u00e9tapes de sa fabrication. Cette pr\u00e9sentation est illustr\u00e9e par diff\u00e9rents objets publicitaires et de nombreuses affiches d'\u00e9poque. Le parcours se poursuit par une pr\u00e9sentation de copies d'oeuvres d'artistes, d'Edouard Manet \u00e0 [&hellip;]","og_url":"https:\/\/www.grenouillere-museum.com\/grenouillere\/abinthe-fee-verte-ou-noir-demon\/","og_site_name":"Mus\u00e9e de la Grenouill\u00e8re Croissy sur Seine","article_publisher":"https:\/\/www.facebook.com\/grenouillere.museum\/","article_published_time":"2024-02-25T15:43:43+00:00","author":"musee grenouillere","twitter_card":"summary_large_image","twitter_misc":{"\u00c9crit par":"musee grenouillere","Dur\u00e9e de lecture estim\u00e9e":"1 minute"},"schema":{"@context":"https:\/\/schema.org","@graph":[{"@type":"WebPage","@id":"https:\/\/www.grenouillere-museum.com\/grenouillere\/abinthe-fee-verte-ou-noir-demon\/","url":"https:\/\/www.grenouillere-museum.com\/grenouillere\/abinthe-fee-verte-ou-noir-demon\/","name":"Abinthe : F\u00e9e verte ou noir D\u00e9mon? - Mus\u00e9e de la Grenouill\u00e8re Croissy sur Seine","isPartOf":{"@id":"https:\/\/www.grenouillere-museum.com\/grenouillere\/#website"},"datePublished":"2024-02-25T15:43:43+00:00","dateModified":"2024-02-25T15:43:43+00:00","author":{"@id":"https:\/\/www.grenouillere-museum.com\/grenouillere\/#\/schema\/person\/7b3507450a3ed8e5316ebd8c3218d9b3"},"breadcrumb":{"@id":"https:\/\/www.grenouillere-museum.com\/grenouillere\/abinthe-fee-verte-ou-noir-demon\/#breadcrumb"},"inLanguage":"fr-FR","potentialAction":[{"@type":"ReadAction","target":["https:\/\/www.grenouillere-museum.com\/grenouillere\/abinthe-fee-verte-ou-noir-demon\/"]}]},{"@type":"BreadcrumbList","@id":"https:\/\/www.grenouillere-museum.com\/grenouillere\/abinthe-fee-verte-ou-noir-demon\/#breadcrumb","itemListElement":[{"@type":"ListItem","position":1,"name":"Accueil","item":"https:\/\/www.grenouillere-museum.com\/grenouillere\/"},{"@type":"ListItem","position":2,"name":"Abinthe : F\u00e9e verte ou noir D\u00e9mon?"}]},{"@type":"WebSite","@id":"https:\/\/www.grenouillere-museum.com\/grenouillere\/#website","url":"https:\/\/www.grenouillere-museum.com\/grenouillere\/","name":"Mus\u00e9e de la Grenouill\u00e8re","description":"Laissez-vous emmener sur le lieu de naissance de l\u2019Impressionnisme","potentialAction":[{"@type":"SearchAction","target":{"@type":"EntryPoint","urlTemplate":"https:\/\/www.grenouillere-museum.com\/grenouillere\/?s={search_term_string}"},"query-input":{"@type":"PropertyValueSpecification","valueRequired":true,"valueName":"search_term_string"}}],"inLanguage":"fr-FR"},{"@type":"Person","@id":"https:\/\/www.grenouillere-museum.com\/grenouillere\/#\/schema\/person\/7b3507450a3ed8e5316ebd8c3218d9b3","name":"musee grenouillere"}]}},"_links":{"self":[{"href":"https:\/\/www.grenouillere-museum.com\/grenouillere\/wp-json\/wp\/v2\/posts\/8035"}],"collection":[{"href":"https:\/\/www.grenouillere-museum.com\/grenouillere\/wp-json\/wp\/v2\/posts"}],"about":[{"href":"https:\/\/www.grenouillere-museum.com\/grenouillere\/wp-json\/wp\/v2\/types\/post"}],"author":[{"embeddable":true,"href":"https:\/\/www.grenouillere-museum.com\/grenouillere\/wp-json\/wp\/v2\/users\/6"}],"replies":[{"embeddable":true,"href":"https:\/\/www.grenouillere-museum.com\/grenouillere\/wp-json\/wp\/v2\/comments?post=8035"}],"version-history":[{"count":3,"href":"https:\/\/www.grenouillere-museum.com\/grenouillere\/wp-json\/wp\/v2\/posts\/8035\/revisions"}],"predecessor-version":[{"id":8039,"href":"https:\/\/www.grenouillere-museum.com\/grenouillere\/wp-json\/wp\/v2\/posts\/8035\/revisions\/8039"}],"wp:attachment":[{"href":"https:\/\/www.grenouillere-museum.com\/grenouillere\/wp-json\/wp\/v2\/media?parent=8035"}],"wp:term":[{"taxonomy":"category","embeddable":true,"href":"https:\/\/www.grenouillere-museum.com\/grenouillere\/wp-json\/wp\/v2\/categories?post=8035"},{"taxonomy":"post_tag","embeddable":true,"href":"https:\/\/www.grenouillere-museum.com\/grenouillere\/wp-json\/wp\/v2\/tags?post=8035"}],"curies":[{"name":"wp","href":"https:\/\/api.w.org\/{rel}","templated":true}]}}