{"id":7345,"date":"2020-03-12T17:18:12","date_gmt":"2020-03-12T16:18:12","guid":{"rendered":"http:\/\/www.grenouillere-museum.com\/grenouillere\/?p=7345"},"modified":"2020-03-13T15:07:44","modified_gmt":"2020-03-13T14:07:44","slug":"gabriel-renoirs-favorite-model","status":"publish","type":"post","link":"https:\/\/www.grenouillere-museum.com\/grenouillere\/gabriel-renoirs-favorite-model\/","title":{"rendered":"Gabriel Renoir&rsquo;s favorite model"},"content":{"rendered":"<div id=\"pl-7345\"  class=\"panel-layout\" ><div id=\"pg-7345-0\"  class=\"panel-grid panel-no-style\" ><div id=\"pgc-7345-0-0\"  class=\"panel-grid-cell\" ><div id=\"panel-7345-0-0-0\" class=\"so-panel widget widget_sow-editor panel-first-child panel-last-child\" data-index=\"0\" ><div\n\t\t\t\n\t\t\tclass=\"so-widget-sow-editor so-widget-sow-editor-base\"\n\t\t\t\n\t\t><h3 class=\"widget-title\">Compte tenu du succ\u00e8s qu'elle remporte, l'exposition \"Gabrielle mod\u00e8le pr\u00e9f\u00e9r\u00e9 de Renoir\" est prolong\u00e9e en 2022.<\/h3>\n<div class=\"siteorigin-widget-tinymce textwidget\">\n\t<\/div>\n<\/div><\/div><\/div><\/div><div id=\"pg-7345-1\"  class=\"panel-grid panel-no-style\" ><div id=\"pgc-7345-1-0\"  class=\"panel-grid-cell\" ><div id=\"panel-7345-1-0-0\" class=\"so-panel widget widget_sow-editor panel-first-child panel-last-child\" data-index=\"1\" ><div\n\t\t\t\n\t\t\tclass=\"so-widget-sow-editor so-widget-sow-editor-base\"\n\t\t\t\n\t\t>\n<div class=\"siteorigin-widget-tinymce textwidget\">\n\t<h3>Gabrielle et\u00a0 Renoir<\/h3>\n<p>&nbsp;<\/p>\n<\/div>\n<\/div><\/div><\/div><\/div><div id=\"pg-7345-2\"  class=\"panel-grid panel-no-style\" ><div id=\"pgc-7345-2-0\"  class=\"panel-grid-cell\" ><div id=\"panel-7345-2-0-0\" class=\"so-panel widget widget_sow-image panel-first-child panel-last-child\" data-index=\"2\" ><div\n\t\t\t\n\t\t\tclass=\"so-widget-sow-image so-widget-sow-image-default-113ccd71f3e6-7345\"\n\t\t\t\n\t\t>\n<div class=\"sow-image-container\">\n\t\t<img \n\tsrc=\"https:\/\/www.grenouillere-museum.com\/grenouillere\/wp-content\/uploads\/2021\/12\/Affiche-Gabrielle-209x300.png\" width=\"209\" height=\"300\" srcset=\"https:\/\/www.grenouillere-museum.com\/grenouillere\/wp-content\/uploads\/2021\/12\/Affiche-Gabrielle-209x300.png 209w, https:\/\/www.grenouillere-museum.com\/grenouillere\/wp-content\/uploads\/2021\/12\/Affiche-Gabrielle-712x1024.png 712w, https:\/\/www.grenouillere-museum.com\/grenouillere\/wp-content\/uploads\/2021\/12\/Affiche-Gabrielle-104x150.png 104w, https:\/\/www.grenouillere-museum.com\/grenouillere\/wp-content\/uploads\/2021\/12\/Affiche-Gabrielle-768x1104.png 768w, https:\/\/www.grenouillere-museum.com\/grenouillere\/wp-content\/uploads\/2021\/12\/Affiche-Gabrielle.png 857w\" sizes=\"(max-width: 209px) 100vw, 209px\" title=\"gabrielle_modele_renoir_expo_musee_grenouillere_ile_des_impressionnistes_2020\" alt=\"gabrielle_modele_renoir_expo_musee_grenouillere_ile_des_impressionnistes_2020\" \t\tclass=\"so-widget-image\"\/>\n\t<\/div>\n\n<\/div><\/div><\/div><\/div><div id=\"pg-7345-3\"  class=\"panel-grid panel-no-style\" ><div id=\"pgc-7345-3-0\"  class=\"panel-grid-cell\" ><div id=\"panel-7345-3-0-0\" class=\"so-panel widget widget_sow-editor panel-first-child panel-last-child\" data-index=\"3\" ><div\n\t\t\t\n\t\t\tclass=\"so-widget-sow-editor so-widget-sow-editor-base\"\n\t\t\t\n\t\t>\n<div class=\"siteorigin-widget-tinymce textwidget\">\n\t<p>Poursuivant son hommage \u00e0 <cite>Pierre-Auguste Renoir<\/cite> initi\u00e9 en 2019 pour le centenaire de la mort de l'artiste, le mus\u00e9e de la Grenouill\u00e8re nous invite \u00e0 un voyage de charme avec l'exposition <strong>\"Gabriel mod\u00e8le pr\u00e9f\u00e9r\u00e9 de Renoir\"<\/strong> R\u00e9alis\u00e9 gr\u00e2ce au concours du <a href=\"https:\/\/renoir-essoyes.fr\/\" target=\"_blank\" rel=\"noopener\">centre culturel Renoir <\/a>et de la commune d'Essoyes, cette exposition rassemble des \u0153uvres issues de collections particuli\u00e8res et \u00e9voque la destin\u00e9e hors du commun de <cite>Gabriel Renard<\/cite>, fille de la campagne champenoise qui, de Paris \u00e0 Grasse et jusque aux \u00c9tats-Unis, sera tour \u00e0 tour employ\u00e9e de maison nourrice, muse et figure f\u00e9minine incontournable de deux artistes majeurs du 20e si\u00e8cle: le peintre <cite>Auguste Renoir<\/cite> et le cin\u00e9aste <cite>Jean Renoir<\/cite><\/p>\n<\/div>\n<\/div><\/div><\/div><\/div><\/div>","protected":false},"excerpt":{"rendered":"<p>Gabrielle et\u00a0 Renoir &nbsp;<\/p>\n","protected":false},"author":2,"featured_media":7333,"comment_status":"closed","ping_status":"open","sticky":false,"template":"","format":"standard","meta":{"_genesis_hide_title":false,"_genesis_hide_breadcrumbs":false,"_genesis_hide_singular_image":false,"_genesis_hide_footer_widgets":false,"_genesis_custom_body_class":"","_genesis_custom_post_class":"","_genesis_layout":"","footnotes":""},"categories":[132,33],"tags":[],"yoast_head":"<!-- This site is optimized with the Yoast SEO plugin v23.5 - https:\/\/yoast.com\/wordpress\/plugins\/seo\/ -->\n<title>Gabriel Renoir&#039;s favorite model - Mus\u00e9e de la Grenouill\u00e8re Croissy sur Seine<\/title>\n<meta name=\"robots\" content=\"index, follow, max-snippet:-1, max-image-preview:large, max-video-preview:-1\" \/>\n<link rel=\"canonical\" href=\"https:\/\/www.grenouillere-museum.com\/grenouillere\/gabriel-renoirs-favorite-model\/\" \/>\n<meta property=\"og:locale\" content=\"fr_FR\" \/>\n<meta property=\"og:type\" content=\"article\" \/>\n<meta property=\"og:title\" content=\"Gabriel Renoir&#039;s favorite model - Mus\u00e9e de la Grenouill\u00e8re Croissy sur Seine\" \/>\n<meta property=\"og:description\" content=\"Gabrielle et\u00a0 Renoir &nbsp;\" \/>\n<meta property=\"og:url\" content=\"https:\/\/www.grenouillere-museum.com\/grenouillere\/gabriel-renoirs-favorite-model\/\" \/>\n<meta property=\"og:site_name\" content=\"Mus\u00e9e de la Grenouill\u00e8re Croissy sur Seine\" \/>\n<meta property=\"article:publisher\" content=\"https:\/\/www.facebook.com\/grenouillere.museum\/\" \/>\n<meta property=\"article:published_time\" content=\"2020-03-12T16:18:12+00:00\" \/>\n<meta property=\"article:modified_time\" content=\"2020-03-13T14:07:44+00:00\" \/>\n<meta property=\"og:image\" content=\"https:\/\/www.grenouillere-museum.com\/grenouillere\/wp-content\/uploads\/2020\/03\/gabrielle_modele_renoir_expo_musee_grenouillere_2020.jpg\" \/>\n\t<meta property=\"og:image:width\" content=\"421\" \/>\n\t<meta property=\"og:image:height\" content=\"600\" \/>\n\t<meta property=\"og:image:type\" content=\"image\/jpeg\" \/>\n<meta name=\"author\" content=\"benthou\" \/>\n<meta name=\"twitter:card\" content=\"summary_large_image\" \/>\n<meta name=\"twitter:label1\" content=\"\u00c9crit par\" \/>\n\t<meta name=\"twitter:data1\" content=\"benthou\" \/>\n\t<meta name=\"twitter:label2\" content=\"Dur\u00e9e de lecture estim\u00e9e\" \/>\n\t<meta name=\"twitter:data2\" content=\"1 minute\" \/>\n<script type=\"application\/ld+json\" class=\"yoast-schema-graph\">{\"@context\":\"https:\/\/schema.org\",\"@graph\":[{\"@type\":\"WebPage\",\"@id\":\"https:\/\/www.grenouillere-museum.com\/grenouillere\/gabriel-renoirs-favorite-model\/\",\"url\":\"https:\/\/www.grenouillere-museum.com\/grenouillere\/gabriel-renoirs-favorite-model\/\",\"name\":\"Gabriel Renoir's favorite model - Mus\u00e9e de la Grenouill\u00e8re Croissy sur Seine\",\"isPartOf\":{\"@id\":\"https:\/\/www.grenouillere-museum.com\/grenouillere\/#website\"},\"primaryImageOfPage\":{\"@id\":\"https:\/\/www.grenouillere-museum.com\/grenouillere\/gabriel-renoirs-favorite-model\/#primaryimage\"},\"image\":{\"@id\":\"https:\/\/www.grenouillere-museum.com\/grenouillere\/gabriel-renoirs-favorite-model\/#primaryimage\"},\"thumbnailUrl\":\"https:\/\/www.grenouillere-museum.com\/grenouillere\/wp-content\/uploads\/2020\/03\/gabrielle_modele_renoir_expo_musee_grenouillere_2020.jpg\",\"datePublished\":\"2020-03-12T16:18:12+00:00\",\"dateModified\":\"2020-03-13T14:07:44+00:00\",\"author\":{\"@id\":\"https:\/\/www.grenouillere-museum.com\/grenouillere\/#\/schema\/person\/4c88876b42210c8a00e0a37d6b7e185d\"},\"breadcrumb\":{\"@id\":\"https:\/\/www.grenouillere-museum.com\/grenouillere\/gabriel-renoirs-favorite-model\/#breadcrumb\"},\"inLanguage\":\"fr-FR\",\"potentialAction\":[{\"@type\":\"ReadAction\",\"target\":[\"https:\/\/www.grenouillere-museum.com\/grenouillere\/gabriel-renoirs-favorite-model\/\"]}]},{\"@type\":\"ImageObject\",\"inLanguage\":\"fr-FR\",\"@id\":\"https:\/\/www.grenouillere-museum.com\/grenouillere\/gabriel-renoirs-favorite-model\/#primaryimage\",\"url\":\"https:\/\/www.grenouillere-museum.com\/grenouillere\/wp-content\/uploads\/2020\/03\/gabrielle_modele_renoir_expo_musee_grenouillere_2020.jpg\",\"contentUrl\":\"https:\/\/www.grenouillere-museum.com\/grenouillere\/wp-content\/uploads\/2020\/03\/gabrielle_modele_renoir_expo_musee_grenouillere_2020.jpg\",\"width\":421,\"height\":600,\"caption\":\"gabrielle_modele_renoir_expo_musee_grenouillere_ile_des_impressionnistes_2020\"},{\"@type\":\"BreadcrumbList\",\"@id\":\"https:\/\/www.grenouillere-museum.com\/grenouillere\/gabriel-renoirs-favorite-model\/#breadcrumb\",\"itemListElement\":[{\"@type\":\"ListItem\",\"position\":1,\"name\":\"Accueil\",\"item\":\"https:\/\/www.grenouillere-museum.com\/grenouillere\/\"},{\"@type\":\"ListItem\",\"position\":2,\"name\":\"Gabriel Renoir&#8217;s favorite model\"}]},{\"@type\":\"WebSite\",\"@id\":\"https:\/\/www.grenouillere-museum.com\/grenouillere\/#website\",\"url\":\"https:\/\/www.grenouillere-museum.com\/grenouillere\/\",\"name\":\"Mus\u00e9e de la Grenouill\u00e8re\",\"description\":\"Laissez-vous emmener sur le lieu de naissance de l\u2019Impressionnisme\",\"potentialAction\":[{\"@type\":\"SearchAction\",\"target\":{\"@type\":\"EntryPoint\",\"urlTemplate\":\"https:\/\/www.grenouillere-museum.com\/grenouillere\/?s={search_term_string}\"},\"query-input\":{\"@type\":\"PropertyValueSpecification\",\"valueRequired\":true,\"valueName\":\"search_term_string\"}}],\"inLanguage\":\"fr-FR\"},{\"@type\":\"Person\",\"@id\":\"https:\/\/www.grenouillere-museum.com\/grenouillere\/#\/schema\/person\/4c88876b42210c8a00e0a37d6b7e185d\",\"name\":\"benthou\"}]}<\/script>\n<!-- \/ Yoast SEO plugin. -->","yoast_head_json":{"title":"Gabriel Renoir's favorite model - Mus\u00e9e de la Grenouill\u00e8re Croissy sur Seine","robots":{"index":"index","follow":"follow","max-snippet":"max-snippet:-1","max-image-preview":"max-image-preview:large","max-video-preview":"max-video-preview:-1"},"canonical":"https:\/\/www.grenouillere-museum.com\/grenouillere\/gabriel-renoirs-favorite-model\/","og_locale":"fr_FR","og_type":"article","og_title":"Gabriel Renoir's favorite model - Mus\u00e9e de la Grenouill\u00e8re Croissy sur Seine","og_description":"Gabrielle et\u00a0 Renoir &nbsp;","og_url":"https:\/\/www.grenouillere-museum.com\/grenouillere\/gabriel-renoirs-favorite-model\/","og_site_name":"Mus\u00e9e de la Grenouill\u00e8re Croissy sur Seine","article_publisher":"https:\/\/www.facebook.com\/grenouillere.museum\/","article_published_time":"2020-03-12T16:18:12+00:00","article_modified_time":"2020-03-13T14:07:44+00:00","og_image":[{"width":421,"height":600,"url":"https:\/\/www.grenouillere-museum.com\/grenouillere\/wp-content\/uploads\/2020\/03\/gabrielle_modele_renoir_expo_musee_grenouillere_2020.jpg","type":"image\/jpeg"}],"author":"benthou","twitter_card":"summary_large_image","twitter_misc":{"\u00c9crit par":"benthou","Dur\u00e9e de lecture estim\u00e9e":"1 minute"},"schema":{"@context":"https:\/\/schema.org","@graph":[{"@type":"WebPage","@id":"https:\/\/www.grenouillere-museum.com\/grenouillere\/gabriel-renoirs-favorite-model\/","url":"https:\/\/www.grenouillere-museum.com\/grenouillere\/gabriel-renoirs-favorite-model\/","name":"Gabriel Renoir's favorite model - Mus\u00e9e de la Grenouill\u00e8re Croissy sur Seine","isPartOf":{"@id":"https:\/\/www.grenouillere-museum.com\/grenouillere\/#website"},"primaryImageOfPage":{"@id":"https:\/\/www.grenouillere-museum.com\/grenouillere\/gabriel-renoirs-favorite-model\/#primaryimage"},"image":{"@id":"https:\/\/www.grenouillere-museum.com\/grenouillere\/gabriel-renoirs-favorite-model\/#primaryimage"},"thumbnailUrl":"https:\/\/www.grenouillere-museum.com\/grenouillere\/wp-content\/uploads\/2020\/03\/gabrielle_modele_renoir_expo_musee_grenouillere_2020.jpg","datePublished":"2020-03-12T16:18:12+00:00","dateModified":"2020-03-13T14:07:44+00:00","author":{"@id":"https:\/\/www.grenouillere-museum.com\/grenouillere\/#\/schema\/person\/4c88876b42210c8a00e0a37d6b7e185d"},"breadcrumb":{"@id":"https:\/\/www.grenouillere-museum.com\/grenouillere\/gabriel-renoirs-favorite-model\/#breadcrumb"},"inLanguage":"fr-FR","potentialAction":[{"@type":"ReadAction","target":["https:\/\/www.grenouillere-museum.com\/grenouillere\/gabriel-renoirs-favorite-model\/"]}]},{"@type":"ImageObject","inLanguage":"fr-FR","@id":"https:\/\/www.grenouillere-museum.com\/grenouillere\/gabriel-renoirs-favorite-model\/#primaryimage","url":"https:\/\/www.grenouillere-museum.com\/grenouillere\/wp-content\/uploads\/2020\/03\/gabrielle_modele_renoir_expo_musee_grenouillere_2020.jpg","contentUrl":"https:\/\/www.grenouillere-museum.com\/grenouillere\/wp-content\/uploads\/2020\/03\/gabrielle_modele_renoir_expo_musee_grenouillere_2020.jpg","width":421,"height":600,"caption":"gabrielle_modele_renoir_expo_musee_grenouillere_ile_des_impressionnistes_2020"},{"@type":"BreadcrumbList","@id":"https:\/\/www.grenouillere-museum.com\/grenouillere\/gabriel-renoirs-favorite-model\/#breadcrumb","itemListElement":[{"@type":"ListItem","position":1,"name":"Accueil","item":"https:\/\/www.grenouillere-museum.com\/grenouillere\/"},{"@type":"ListItem","position":2,"name":"Gabriel Renoir&#8217;s favorite model"}]},{"@type":"WebSite","@id":"https:\/\/www.grenouillere-museum.com\/grenouillere\/#website","url":"https:\/\/www.grenouillere-museum.com\/grenouillere\/","name":"Mus\u00e9e de la Grenouill\u00e8re","description":"Laissez-vous emmener sur le lieu de naissance de l\u2019Impressionnisme","potentialAction":[{"@type":"SearchAction","target":{"@type":"EntryPoint","urlTemplate":"https:\/\/www.grenouillere-museum.com\/grenouillere\/?s={search_term_string}"},"query-input":{"@type":"PropertyValueSpecification","valueRequired":true,"valueName":"search_term_string"}}],"inLanguage":"fr-FR"},{"@type":"Person","@id":"https:\/\/www.grenouillere-museum.com\/grenouillere\/#\/schema\/person\/4c88876b42210c8a00e0a37d6b7e185d","name":"benthou"}]}},"_links":{"self":[{"href":"https:\/\/www.grenouillere-museum.com\/grenouillere\/wp-json\/wp\/v2\/posts\/7345"}],"collection":[{"href":"https:\/\/www.grenouillere-museum.com\/grenouillere\/wp-json\/wp\/v2\/posts"}],"about":[{"href":"https:\/\/www.grenouillere-museum.com\/grenouillere\/wp-json\/wp\/v2\/types\/post"}],"author":[{"embeddable":true,"href":"https:\/\/www.grenouillere-museum.com\/grenouillere\/wp-json\/wp\/v2\/users\/2"}],"replies":[{"embeddable":true,"href":"https:\/\/www.grenouillere-museum.com\/grenouillere\/wp-json\/wp\/v2\/comments?post=7345"}],"version-history":[{"count":8,"href":"https:\/\/www.grenouillere-museum.com\/grenouillere\/wp-json\/wp\/v2\/posts\/7345\/revisions"}],"predecessor-version":[{"id":7381,"href":"https:\/\/www.grenouillere-museum.com\/grenouillere\/wp-json\/wp\/v2\/posts\/7345\/revisions\/7381"}],"wp:featuredmedia":[{"embeddable":true,"href":"https:\/\/www.grenouillere-museum.com\/grenouillere\/wp-json\/wp\/v2\/media\/7333"}],"wp:attachment":[{"href":"https:\/\/www.grenouillere-museum.com\/grenouillere\/wp-json\/wp\/v2\/media?parent=7345"}],"wp:term":[{"taxonomy":"category","embeddable":true,"href":"https:\/\/www.grenouillere-museum.com\/grenouillere\/wp-json\/wp\/v2\/categories?post=7345"},{"taxonomy":"post_tag","embeddable":true,"href":"https:\/\/www.grenouillere-museum.com\/grenouillere\/wp-json\/wp\/v2\/tags?post=7345"}],"curies":[{"name":"wp","href":"https:\/\/api.w.org\/{rel}","templated":true}]}}